{"id":473,"date":"2026-04-14T00:55:32","date_gmt":"2026-04-13T22:55:32","guid":{"rendered":"https:\/\/valerodoval.com\/blog\/?p=473"},"modified":"2026-04-14T00:55:32","modified_gmt":"2026-04-13T22:55:32","slug":"protesti-u-beogradu-i-borba-za-medije-zasto-tema-prava-na-istinu-snazno-odjekuje","status":"publish","type":"post","link":"https:\/\/valerodoval.com\/blog\/protesti-u-beogradu-i-borba-za-medije-zasto-tema-prava-na-istinu-snazno-odjekuje\/","title":{"rendered":"Protesti u Beogradu i borba za medije: za\u0161to tema \u201eprava na istinu\u201c sna\u017eno odjekuje"},"content":{"rendered":"<p data-start=\"134\" data-end=\"431\">U poslednjim danima, <span class=\"hover:entity-accent entity-underline inline cursor-pointer align-baseline\"><span class=\"whitespace-normal\">Beograd<\/span><\/span> ponovo je postao centar va\u017enih dru\u0161tvenih de\u0161avanja. Novinari, studenti i gra\u0111ani okupljaju se u znak solidarnosti, nakon incidenata tokom lokalnih izbora koji su otvorili \u0161iru diskusiju o <strong data-start=\"382\" data-end=\"430\">ulozi medija i pravu javnosti na informacije<\/strong>.<\/p>\n<h2 data-section-id=\"ffgh81\" data-start=\"433\" data-end=\"461\"><span role=\"text\"><strong data-start=\"436\" data-end=\"461\">\u0160ta se zapravo de\u0161ava<\/strong><\/span><\/h2>\n<p data-start=\"463\" data-end=\"808\">Tokom lokalnih izbora krajem marta 2026, zabele\u017eeni su brojni incidenti u kojima su novinari bili ometani ili napadnuti dok su izve\u0161tavali sa terena. Prema podacima novinarskih udru\u017eenja, <strong data-start=\"651\" data-end=\"703\">oko 20 novinara je napadnuto tokom izbornog dana<\/strong>, dok je tokom godine registrovano vi\u0161e od 100 sli\u010dnih slu\u010dajeva .<\/p>\n<p data-start=\"810\" data-end=\"1002\">Ovi doga\u0111aji podstakli su okupljanja i proteste u glavnom gradu, gde su novinari jasno istakli potrebu za <strong data-start=\"916\" data-end=\"963\">sigurnijim i profesionalnijim uslovima rada<\/strong> .<\/p>\n<h2 data-section-id=\"bcd1m0\" data-start=\"1004\" data-end=\"1058\"><span role=\"text\"><strong data-start=\"1007\" data-end=\"1058\">Za\u0161to je tema \u201eprava na istinu\u201c postala viralna<\/strong><\/span><\/h2>\n<ul data-start=\"1060\" data-end=\"1290\">\n<li data-section-id=\"19esy7c\" data-start=\"1060\" data-end=\"1100\"><strong data-start=\"1062\" data-end=\"1098\">Javna svest o ulozi medija raste<\/strong><\/li>\n<li data-section-id=\"pcecov\" data-start=\"1101\" data-end=\"1161\">Dru\u0161tvene mre\u017ee \u0161ire poruke solidarnosti velikom brzinom<\/li>\n<li data-section-id=\"125hisp\" data-start=\"1162\" data-end=\"1231\">Gra\u0111ani sve vi\u0161e prepoznaju zna\u010daj <strong data-start=\"1199\" data-end=\"1229\">transparentnih informacija<\/strong><\/li>\n<li data-section-id=\"4ukftx\" data-start=\"1232\" data-end=\"1290\">Povezanost sa \u0161irim dru\u0161tvenim kretanjima i protestima<\/li>\n<\/ul>\n<p data-start=\"1292\" data-end=\"1442\">Organizacije poput <span class=\"hover:entity-accent entity-underline inline cursor-pointer align-baseline\"><span class=\"whitespace-normal\">Nezavisno udru\u017eenje novinara Srbije<\/span><\/span> nagla\u0161avaju da napadi na novinare predstavljaju izazov za pravo javnosti da bude informisana.<\/p>\n<h2 data-section-id=\"1kib9w9\" data-start=\"1444\" data-end=\"1479\"><span role=\"text\"><strong data-start=\"1447\" data-end=\"1479\">\u0160ira slika: mediji i dru\u0161tvo<\/strong><\/span><\/h2>\n<p data-start=\"1481\" data-end=\"1775\">Trendovi pokazuju da se situacija razvija u kontekstu du\u017eeg perioda dru\u0161tvenih promena. U prethodnim godinama, protesti u Srbiji uklju\u010divali su razli\u010dite dru\u0161tvene grupe, od studenata do radnika, sa fokusom na <strong data-start=\"1691\" data-end=\"1736\">transparentnost i odgovornost institucija<\/strong> .<\/p>\n<p data-start=\"1777\" data-end=\"1960\">Istovremeno, me\u0111unarodne organizacije poput <span class=\"hover:entity-accent entity-underline inline cursor-pointer align-baseline\"><span class=\"whitespace-normal\">European Federation of Journalists<\/span><\/span> ukazuju na zna\u010daj kontinuiranog unapre\u0111enja medijskog okru\u017eenja i podr\u0161ke profesionalnim standardima.<\/p>\n<h2 data-section-id=\"32jesu\" data-start=\"1962\" data-end=\"2006\"><span role=\"text\"><strong data-start=\"1965\" data-end=\"2006\">Kako dru\u0161tvene mre\u017ee menjaju dinamiku<\/strong><\/span><\/h2>\n<p data-start=\"2008\" data-end=\"2049\">Digitalne platforme igraju klju\u010dnu ulogu:<\/p>\n<ul data-start=\"2051\" data-end=\"2205\">\n<li data-section-id=\"1s5ng1f\" data-start=\"2051\" data-end=\"2091\">omogu\u0107avaju brzo \u0161irenje informacija<\/li>\n<li data-section-id=\"lz4dro\" data-start=\"2092\" data-end=\"2136\">povezuju ljude kroz zajedni\u010dke vrednosti<\/li>\n<li data-section-id=\"42a93x\" data-start=\"2137\" data-end=\"2175\">podsti\u010du diskusiju o va\u017enim temama<\/li>\n<li data-section-id=\"1mowjcg\" data-start=\"2176\" data-end=\"2205\">ja\u010daju ose\u0107aj zajedni\u0161tva<\/li>\n<\/ul>\n<p data-start=\"2207\" data-end=\"2289\">Hashtagovi i viralni sadr\u017eaji pretvaraju lokalne doga\u0111aje u teme od \u0161ireg zna\u010daja.<\/p>\n<h2 data-section-id=\"10guvdn\" data-start=\"2291\" data-end=\"2338\"><span role=\"text\"><strong data-start=\"2294\" data-end=\"2338\">Pogled iz perspektive savremenog dru\u0161tva<\/strong><\/span><\/h2>\n<p data-start=\"2340\" data-end=\"2521\">Ova situacija pokazuje koliko je <strong data-start=\"2373\" data-end=\"2401\">informacija va\u017ean resurs<\/strong> u modernom svetu. Kada postoji interesovanje javnosti, otvara se prostor za dijalog, razumevanje i unapre\u0111enje sistema.<\/p>\n<h2 data-section-id=\"1re16tf\" data-start=\"2523\" data-end=\"2552\"><span role=\"text\"><strong data-start=\"2526\" data-end=\"2552\">FAQ \u2013 Naj\u010de\u0161\u0107a pitanja<\/strong><\/span><\/h2>\n<p data-start=\"2554\" data-end=\"2665\"><strong data-start=\"2554\" data-end=\"2589\">Za\u0161to su protesti organizovani?<\/strong><br data-start=\"2589\" data-end=\"2592\" \/>Kao znak solidarnosti sa novinarima i podr\u0161ke profesionalnim standardima.<\/p>\n<p data-start=\"2667\" data-end=\"2780\"><strong data-start=\"2667\" data-end=\"2703\">Koliko je incidenata zabele\u017eeno?<\/strong><br data-start=\"2703\" data-end=\"2706\" \/>Desetine tokom izbora i vi\u0161e od 100 tokom godine prema dostupnim podacima.<\/p>\n<p data-start=\"2782\" data-end=\"2844\"><strong data-start=\"2782\" data-end=\"2812\">Ko u\u010destvuje u protestima?<\/strong><br data-start=\"2812\" data-end=\"2815\" \/>Novinari, studenti i gra\u0111ani.<\/p>\n<p data-start=\"2846\" data-end=\"2947\"><strong data-start=\"2846\" data-end=\"2885\">Za\u0161to je tema popularna na mre\u017eama?<\/strong><br data-start=\"2885\" data-end=\"2888\" \/>Zbog velike dru\u0161tvene va\u017enosti i brzog \u0161irenja informacija.<\/p>\n<p data-start=\"2972\" data-end=\"3204\">Aktuelna de\u0161avanja u Beogradu pokazuju da pitanje <strong data-start=\"3022\" data-end=\"3068\">medijskih sloboda i pristupa informacijama<\/strong> ima sna\u017ean odjek u dru\u0161tvu. Kroz dijalog i javni interes, ova tema nastavlja da oblikuje savremeni medijski prostor i dru\u0161tvene tokove.<\/p>\n","protected":false},"excerpt":{"rendered":"<p>U poslednjim danima, Beograd ponovo je postao centar va\u017enih dru\u0161tvenih de\u0161avanja. Novinari, studenti i gra\u0111ani okupljaju se u znak solidarnosti, nakon incidenata tokom lokalnih izbora koji su otvorili \u0161iru diskusiju o ulozi medija i pravu javnosti na informacije. \u0160ta se zapravo de\u0161ava Tokom lokalnih izbora krajem marta 2026, zabele\u017eeni su brojni incidenti u kojima su [&hellip;]<\/p>\n","protected":false},"author":1,"featured_media":474,"comment_status":"closed","ping_status":"closed","sticky":false,"template":"","format":"standard","meta":{"footnotes":""},"categories":[1],"tags":[],"class_list":["post-473","post","type-post","status-publish","format-standard","has-post-thumbnail","","category-korisni-savjeti"],"_links":{"self":[{"href":"https:\/\/valerodoval.com\/blog\/wp-json\/wp\/v2\/posts\/473","targetHints":{"allow":["GET"]}}],"collection":[{"href":"https:\/\/valerodoval.com\/blog\/wp-json\/wp\/v2\/posts"}],"about":[{"href":"https:\/\/valerodoval.com\/blog\/wp-json\/wp\/v2\/types\/post"}],"author":[{"embeddable":true,"href":"https:\/\/valerodoval.com\/blog\/wp-json\/wp\/v2\/users\/1"}],"replies":[{"embeddable":true,"href":"https:\/\/valerodoval.com\/blog\/wp-json\/wp\/v2\/comments?post=473"}],"version-history":[{"count":1,"href":"https:\/\/valerodoval.com\/blog\/wp-json\/wp\/v2\/posts\/473\/revisions"}],"predecessor-version":[{"id":475,"href":"https:\/\/valerodoval.com\/blog\/wp-json\/wp\/v2\/posts\/473\/revisions\/475"}],"wp:featuredmedia":[{"embeddable":true,"href":"https:\/\/valerodoval.com\/blog\/wp-json\/wp\/v2\/media\/474"}],"wp:attachment":[{"href":"https:\/\/valerodoval.com\/blog\/wp-json\/wp\/v2\/media?parent=473"}],"wp:term":[{"taxonomy":"category","embeddable":true,"href":"https:\/\/valerodoval.com\/blog\/wp-json\/wp\/v2\/categories?post=473"},{"taxonomy":"post_tag","embeddable":true,"href":"https:\/\/valerodoval.com\/blog\/wp-json\/wp\/v2\/tags?post=473"}],"curies":[{"name":"wp","href":"https:\/\/api.w.org\/{rel}","templated":true}]}}