{"id":348,"date":"2026-03-11T21:04:11","date_gmt":"2026-03-11T20:04:11","guid":{"rendered":"https:\/\/valerodoval.com\/blog\/vrhovni-sud-odbio-prijevremenu-mirovinu-61-godisnjaku-jer-10-dana-nije-bio-prijavljen-kao-trazitelj-zaposlenja\/"},"modified":"2026-03-11T21:04:11","modified_gmt":"2026-03-11T20:04:11","slug":"vrhovni-sud-odbio-prijevremenu-mirovinu-61-godisnjaku-jer-10-dana-nije-bio-prijavljen-kao-trazitelj-zaposlenja","status":"publish","type":"post","link":"https:\/\/valerodoval.com\/blog\/vrhovni-sud-odbio-prijevremenu-mirovinu-61-godisnjaku-jer-10-dana-nije-bio-prijavljen-kao-trazitelj-zaposlenja\/","title":{"rendered":"Vrhovni sud odbio prijevremenu mirovinu 61-godi\u0161njaku jer 10 dana nije bio prijavljen kao tra\u017eitelj zaposlenja"},"content":{"rendered":"<p>U \u017eivotu se \u010desto suo\u010davamo s trenucima kada se na\u0161e osobne drame sudaraju s hladnom, neumoljivom birokracijom. Kao psiholog, \u010desto svjedo\u010dim koliko emocionalni teret, poput razvoda, mo\u017ee zamagliti na\u0161u sposobnost upravljanja svakodnevnim obvezama. Upravo se to dogodilo jednom 61-godi\u0161njaku u \u0160panjolskoj, \u010diji je slu\u010daj postao opomena svima koji planiraju prijevremenu mirovinu.<\/p>\n<h2>Strogi uvjeti za prijevremenu mirovinu<\/h2>\n<p>Op\u0107enito govore\u0107i, prijevremenoj mirovini zbog razloga izvan kontrole radnika mogu pristupiti oni koji su ostali bez posla nekoliko godina prije zakonske dobi za umirovljenje. Socijalno osiguranje dopu\u0161ta raniji odlazak u mirovinu do maksimalno \u010detiri godine. To zna\u010di da oni koji bi se trebali umiroviti sa 65 godina, to mogu u\u010diniti sa 61, ali pod uvjetom da se pridr\u017eavaju iznimno strogih pravila. <\/p>\n<figure class=\"wp-block-image size-large\">\n<img decoding=\"async\" src=\"https:\/\/valerodoval.com\/blog\/wp-content\/uploads\/2026\/03\/internal-ai-0-1773259446355.webp\" alt=\"Vrhovni sud odbio prijevremenu mirovinu 61-godi\u0161njaku jer 10 dana nije bio prijavljen kao tra\u017eitelj zaposlenja \u2013 image 1\" \/><br \/>\n<\/figure>\n<p> Zakon o socijalnom osiguranju (LGSS) predvi\u0111a da pojedinci moraju biti prijavljeni kao tra\u017eitelji zaposlenja u uredima za zapo\u0161ljavanje najmanje \u0161est mjeseci neprekidno prije datuma podno\u0161enja zahtjeva.<\/p>\n<h2>Propust od 10 dana koji je promijenio sve<\/h2>\n<p>Vrhovni sud \u0160panjolske odbio je zahtjev radniku koji je imao 61 godinu jer 10 dana nije obnovio svoju prijavu u evidenciju nezaposlenih. Razlog? Bio je usred procesa razvoda i taj mu je klju\u010dni administrativni korak jednostavno promaknuo. Iako je bio uredno prijavljen od 25. studenog 2016., postojao je prekid od 15. do 24. studenog te iste godine. <\/p>\n<figure class=\"wp-block-image size-large\">\n<img decoding=\"async\" src=\"https:\/\/valerodoval.com\/blog\/wp-content\/uploads\/2026\/03\/internal-ai-1-1773259447539.webp\" alt=\"Vrhovni sud odbio prijevremenu mirovinu 61-godi\u0161njaku jer 10 dana nije bio prijavljen kao tra\u017eitelj zaposlenja \u2013 image 2\" \/><br \/>\n<\/figure>\n<p> Za socijalno osiguranje, ova desetodnevna rupa bila je nepremostiva prepreka. Jedina alternativa koja mu je ponu\u0111ena bila je priznavanje mirovine s u\u010dinkom od svibnja 2017., nakon drugog zahtjeva, \u010dime je izgubio pribli\u017eno mjesec dana isplate mirovine.<\/p>\n<h2>Za\u0161to sud ne priznaje emocionalni stres kao opravdanje?<\/h2>\n<p>Nijedan sud mu nije dao za pravo. Od suda u Castell\u00f3n de la Plani do Vrhovnog suda, odluka je bila ista: zakon se mora strogo po\u0161tovati. Magistrati smatraju da je ovaj model mirovine podlo\u017ean &#8220;strogom ispunjavanju zakonskih odredbi&#8221; bez iznimke. Prema njihovom mi\u0161ljenju, \u010dinjenica da je netko usred procesa sporazumnog razvoda nije opravdanje za neispunjavanje osnovne administrativne obveze. <\/p>\n<figure class=\"wp-block-image size-large\">\n<img decoding=\"async\" src=\"https:\/\/valerodoval.com\/blog\/wp-content\/uploads\/2026\/03\/internal-ai-2-1773259448673.webp\" alt=\"Vrhovni sud odbio prijevremenu mirovinu 61-godi\u0161njaku jer 10 dana nije bio prijavljen kao tra\u017eitelj zaposlenja \u2013 image 3\" \/><br \/>\n<\/figure>\n<\/p>\n<ul>\n<li><strong>Va\u017enost fokusa u krizama:<\/strong> Kada prolazite kroz te\u0161ka razdoblja, poku\u0161ajte delegirati administrativne zadatke ili postaviti digitalne podsjetnike.<\/li>\n<li><strong>Administrativna disciplina:<\/strong> Sustavi \u010desto nemaju empatiju za ljudsku pogre\u0161ku; pravila su fiksna.<\/li>\n<li><strong>Pravna pomo\u0107:<\/strong> Uvijek je dobro provjeriti svoj status s pravnim stru\u010dnjakom prije podno\u0161enja zahtjeva za mirovinu.<\/li>\n<\/ul>\n<p>Ovaj slu\u010daj nas u\u010di da, bez obzira na to koliko je \u017eivot te\u017eak, sustav ne poznaje nijanse na\u0161ih osje\u0107aja. Kao va\u0161 savjetnik, poti\u010dem vas da u trenucima stresa potra\u017eite podr\u0161ku okoline kako bi vam pomogli zadr\u017eati fokus na va\u017enim \u017eivotnim prekretnicama poput umirovljenja.<\/p>\n","protected":false},"excerpt":{"rendered":"<p>Pri\u010da o 61-godi\u0161njaku kojem je Vrhovni sud odbio prijevremenu mirovinu zbog samo 10 dana administrativnog propusta tijekom razvoda podsje\u0107a nas na va\u017enost preciznosti usred \u017eivotnih kriza.<\/p>\n","protected":false},"author":1,"featured_media":344,"comment_status":"open","ping_status":"open","sticky":false,"template":"","format":"standard","meta":{"footnotes":""},"categories":[1],"tags":[],"class_list":["post-348","post","type-post","status-publish","format-standard","has-post-thumbnail","","category-korisni-savjeti"],"_links":{"self":[{"href":"https:\/\/valerodoval.com\/blog\/wp-json\/wp\/v2\/posts\/348","targetHints":{"allow":["GET"]}}],"collection":[{"href":"https:\/\/valerodoval.com\/blog\/wp-json\/wp\/v2\/posts"}],"about":[{"href":"https:\/\/valerodoval.com\/blog\/wp-json\/wp\/v2\/types\/post"}],"author":[{"embeddable":true,"href":"https:\/\/valerodoval.com\/blog\/wp-json\/wp\/v2\/users\/1"}],"replies":[{"embeddable":true,"href":"https:\/\/valerodoval.com\/blog\/wp-json\/wp\/v2\/comments?post=348"}],"version-history":[{"count":0,"href":"https:\/\/valerodoval.com\/blog\/wp-json\/wp\/v2\/posts\/348\/revisions"}],"wp:featuredmedia":[{"embeddable":true,"href":"https:\/\/valerodoval.com\/blog\/wp-json\/wp\/v2\/media\/344"}],"wp:attachment":[{"href":"https:\/\/valerodoval.com\/blog\/wp-json\/wp\/v2\/media?parent=348"}],"wp:term":[{"taxonomy":"category","embeddable":true,"href":"https:\/\/valerodoval.com\/blog\/wp-json\/wp\/v2\/categories?post=348"},{"taxonomy":"post_tag","embeddable":true,"href":"https:\/\/valerodoval.com\/blog\/wp-json\/wp\/v2\/tags?post=348"}],"curies":[{"name":"wp","href":"https:\/\/api.w.org\/{rel}","templated":true}]}}